{"id":947,"date":"2025-09-10T11:02:25","date_gmt":"2025-09-10T17:02:25","guid":{"rendered":"https:\/\/radioomax.com\/?p=947"},"modified":"2025-09-10T11:02:25","modified_gmt":"2025-09-10T17:02:25","slug":"choque-entre-autobus-y-trailer-deja-14-heridos-en-veracruz","status":"publish","type":"post","link":"https:\/\/agridulcenoticias.com\/index.php\/2025\/09\/10\/choque-entre-autobus-y-trailer-deja-14-heridos-en-veracruz\/","title":{"rendered":"Choque entre autob\u00fas y tr\u00e1iler deja 14 heridos en Veracruz"},"content":{"rendered":"\n<p>El choque entre un autob\u00fas de pasajeros y un tr\u00e1iler ocurri\u00f3 la ma\u00f1ana de este 9 de septiembre de 2025 en la carretera C\u00f3rdoba-Veracruz<\/p>\n\n\n\n<p>Un autob\u00fas de la l\u00ednea ADO se incendi\u00f3 tras ser impactado por un tr\u00e1iler la ma\u00f1ana del 9 de septiembre de 2025 en la carretera C\u00f3rdoba-Veracruz, donde resultaron heridas al menos 14 personas.<\/p>\n\n\n\n<p>Lo anterior ocurri\u00f3 aproximadamente a las 10:00 h justo a la altura del kil\u00f3metro 33 de la citada carretera, tramo C\u00f3rdoba-La Tinaja.<\/p>\n\n\n\n<p>Medios locales apuntaron que el tr\u00e1iler se impact\u00f3 por alcance contra la unidad de ADO, lo que provoc\u00f3 el incendio de ambas unidades que terminaron calcinadas.<\/p>\n\n\n\n<p>Al sitio del accidente llegaron cuerpos de emergencia para atender este choque entre el autob\u00fas y el tr\u00e1iler en la carretera C\u00f3rdoba-Veracruz.<\/p>\n\n\n\n<p>Por medio de redes sociales, la Secretar\u00eda De Protecci\u00f3n Civil de Veracruz inform\u00f3 que al menos catorce personas resultaron lesionadas, siendo trasladadas a hospitales locales con reporte de estables.<\/p>\n\n\n\n<p>Equipos de emergencia y PC, atienden el accidente vehicular en la autopista C\u00f3rdoba \u2013 Veracruz; 14 personas que resultaron lesionadas fueron trasladadas para su atenci\u00f3n m\u00e9dica, su salud se reporta estable\u201d, indic\u00f3 en su mensaje.<\/p>\n\n\n\n<p>\u201cMientras que las fuerzas de tarea realizaron acciones de combate al incendio vehicular y abanderamiento de la vialidad\u201d, puntualiz\u00f3 la dependencia.<\/p>\n","protected":false},"excerpt":{"rendered":"<p>El choque entre un autob\u00fas de pasajeros y un tr\u00e1iler ocurri\u00f3 la ma\u00f1ana de este&#8230;<\/p>\n","protected":false},"author":1,"featured_media":948,"comment_status":"open","ping_status":"closed","sticky":false,"template":"","format":"standard","meta":{"footnotes":""},"categories":[14],"tags":[],"class_list":["post-947","post","type-post","status-publish","format-standard","has-post-thumbnail","hentry","category-nacional"],"_links":{"self":[{"href":"https:\/\/agridulcenoticias.com\/index.php\/wp-json\/wp\/v2\/posts\/947","targetHints":{"allow":["GET"]}}],"collection":[{"href":"https:\/\/agridulcenoticias.com\/index.php\/wp-json\/wp\/v2\/posts"}],"about":[{"href":"https:\/\/agridulcenoticias.com\/index.php\/wp-json\/wp\/v2\/types\/post"}],"author":[{"embeddable":true,"href":"https:\/\/agridulcenoticias.com\/index.php\/wp-json\/wp\/v2\/users\/1"}],"replies":[{"embeddable":true,"href":"https:\/\/agridulcenoticias.com\/index.php\/wp-json\/wp\/v2\/comments?post=947"}],"version-history":[{"count":0,"href":"https:\/\/agridulcenoticias.com\/index.php\/wp-json\/wp\/v2\/posts\/947\/revisions"}],"wp:featuredmedia":[{"embeddable":true,"href":"https:\/\/agridulcenoticias.com\/index.php\/wp-json\/wp\/v2\/media\/948"}],"wp:attachment":[{"href":"https:\/\/agridulcenoticias.com\/index.php\/wp-json\/wp\/v2\/media?parent=947"}],"wp:term":[{"taxonomy":"category","embeddable":true,"href":"https:\/\/agridulcenoticias.com\/index.php\/wp-json\/wp\/v2\/categories?post=947"},{"taxonomy":"post_tag","embeddable":true,"href":"https:\/\/agridulcenoticias.com\/index.php\/wp-json\/wp\/v2\/tags?post=947"}],"curies":[{"name":"wp","href":"https:\/\/api.w.org\/{rel}","templated":true}]}}