{"id":950,"date":"2025-09-10T11:07:04","date_gmt":"2025-09-10T17:07:04","guid":{"rendered":"https:\/\/radioomax.com\/?p=950"},"modified":"2025-09-10T11:07:04","modified_gmt":"2025-09-10T17:07:04","slug":"manifestantes-propalestinos-abuchean-a-trump-en-un-restaurante-de-washington-dc","status":"publish","type":"post","link":"https:\/\/agridulcenoticias.com\/index.php\/2025\/09\/10\/manifestantes-propalestinos-abuchean-a-trump-en-un-restaurante-de-washington-dc\/","title":{"rendered":"Manifestantes propalestinos abuchean a Trump en un restaurante de Washington DC"},"content":{"rendered":"\n<p>El episodio ocurri\u00f3 cuando Trump ingresaba al local y saludaba al personal, momento en que un grupo de mujeres con banderas palestinas lo sorprendi\u00f3 al grito de \u201c\u00a1Palestina libre!\u201d<\/p>\n\n\n\n<p>Manifestantes propalestinos abuchearon al presidente de Estados Unidos, Donald Trump, cuando acudi\u00f3 a cenar al restaurante de mariscos Joe\u2019s, a pocas cuadras de la Casa Blanca, acompa\u00f1ado de varios de sus funcionarios de confianza.<\/p>\n\n\n\n<p>El episodio ocurri\u00f3 cuando Trump ingresaba al local y saludaba al personal, momento en que un grupo de mujeres con banderas palestinas lo sorprendi\u00f3 al grito de \u201c\u00a1Palestina libre!\u201d.<\/p>\n\n\n\n<p>Las manifestantes tambi\u00e9n lo increparon con gritos de \u201cTrump es el Hitler de nuestros d\u00edas\u201d, mientras lo ten\u00edan de frente a la entrada del restaurante. El presidente opt\u00f3 por ignorarlas y continu\u00f3 su camino hacia el interior del local.<\/p>\n\n\n\n<p>La salida a cenar tuvo como trasfondo la estrategia de Trump para reforzar su discurso sobre la seguridad en Washington DC, tras asumir el control federal de la capital y argumentar que esa medida supuestamente ha contribuido a una ca\u00edda del crimen en la ciudad.<\/p>\n\n\n\n<p>Ese mismo d\u00eda, Trump se refiri\u00f3 al ataque israel\u00ed contra l\u00edderes de Ham\u00e1s en Doha y afirm\u00f3 que no estaba \u201ccontento\u201d con la operaci\u00f3n, al tiempo que reconoci\u00f3 que no fue notificado con anticipaci\u00f3n. El presidente adelant\u00f3 que ofrecer\u00e1 una declaraci\u00f3n m\u00e1s amplia sobre el tema este mi\u00e9rcoles.<\/p>\n","protected":false},"excerpt":{"rendered":"<p>El episodio ocurri\u00f3 cuando Trump ingresaba al local y saludaba al personal, momento en que&#8230;<\/p>\n","protected":false},"author":1,"featured_media":951,"comment_status":"open","ping_status":"closed","sticky":false,"template":"","format":"standard","meta":{"footnotes":""},"categories":[15],"tags":[],"class_list":["post-950","post","type-post","status-publish","format-standard","has-post-thumbnail","hentry","category-internacional"],"_links":{"self":[{"href":"https:\/\/agridulcenoticias.com\/index.php\/wp-json\/wp\/v2\/posts\/950","targetHints":{"allow":["GET"]}}],"collection":[{"href":"https:\/\/agridulcenoticias.com\/index.php\/wp-json\/wp\/v2\/posts"}],"about":[{"href":"https:\/\/agridulcenoticias.com\/index.php\/wp-json\/wp\/v2\/types\/post"}],"author":[{"embeddable":true,"href":"https:\/\/agridulcenoticias.com\/index.php\/wp-json\/wp\/v2\/users\/1"}],"replies":[{"embeddable":true,"href":"https:\/\/agridulcenoticias.com\/index.php\/wp-json\/wp\/v2\/comments?post=950"}],"version-history":[{"count":0,"href":"https:\/\/agridulcenoticias.com\/index.php\/wp-json\/wp\/v2\/posts\/950\/revisions"}],"wp:featuredmedia":[{"embeddable":true,"href":"https:\/\/agridulcenoticias.com\/index.php\/wp-json\/wp\/v2\/media\/951"}],"wp:attachment":[{"href":"https:\/\/agridulcenoticias.com\/index.php\/wp-json\/wp\/v2\/media?parent=950"}],"wp:term":[{"taxonomy":"category","embeddable":true,"href":"https:\/\/agridulcenoticias.com\/index.php\/wp-json\/wp\/v2\/categories?post=950"},{"taxonomy":"post_tag","embeddable":true,"href":"https:\/\/agridulcenoticias.com\/index.php\/wp-json\/wp\/v2\/tags?post=950"}],"curies":[{"name":"wp","href":"https:\/\/api.w.org\/{rel}","templated":true}]}}