{"id":953,"date":"2025-09-10T11:16:21","date_gmt":"2025-09-10T17:16:21","guid":{"rendered":"https:\/\/radioomax.com\/?p=953"},"modified":"2025-09-10T11:16:21","modified_gmt":"2025-09-10T17:16:21","slug":"aficion-de-costa-rica-pide-la-salida-del-piojo-herrera-tras-empate-ante-haiti","status":"publish","type":"post","link":"https:\/\/agridulcenoticias.com\/index.php\/2025\/09\/10\/aficion-de-costa-rica-pide-la-salida-del-piojo-herrera-tras-empate-ante-haiti\/","title":{"rendered":"Afici\u00f3n de Costa Rica pide la salida del \u2018Piojo\u2019 Herrera tras empate ante Hait\u00ed"},"content":{"rendered":"\n<p>La afici\u00f3n de Costa Rica estall\u00f3 contra el timonel mexicano Miguel \u2018Piojo\u2019 Herrera tras el empate en casa ante Hait\u00ed<\/p>\n\n\n\n<p>Costa Rica, dirigida por el t\u00e9cnico mexicano Miguel Piojo Herrera, tuvo que sufrir este martes 9 de septiembre de 2025 para empatar al cierre del partido 3-3, en casa con Hait\u00ed, resultado con el que los centroamericanos se complicaron la vida en las eliminatorias rumbo al Mundial 2026, a celebrarse en Norteam\u00e9rica.<\/p>\n\n\n\n<p>Con este empate en el Estadio Nacional de San Jos\u00e9, Costa Rica suma 2 puntos en las primeras 2 jornadas del Grupo C de la fase final de la eliminatoria, por debajo de Honduras (4), igualado con Hait\u00ed y por encima de Nicaragua (1). Solo el primero del grupo clasificar\u00e1 de forma directa a la Copa del Mundo.<\/p>\n\n\n\n<p>Al final del partido, la afici\u00f3n tica se lanz\u00f3 contra Miguel Herrera al gritar \u201c\u00a1Fuera Piojo!\u201d y propinar una lluvia de silbidos para pedir su salida del banquillo costarricense<\/p>\n\n\n\n<p>El zaguero Juan Pablo Vargas, con un gol al minuto 90, salv\u00f3 el empate para la Costa Rica, que dej\u00f3 escapar una ventaja de 2-0 en un segundo tiempo en el que Hait\u00ed fue mejor y estuvo a punto de escaparse de San Jos\u00e9 con una victoria sin precedentes gracias a la gran noche de Duckens Nazon, autor de los tres tantos caribe\u00f1os.<\/p>\n\n\n\n<p>El Piojo Herrera asumi\u00f3 su responsabilidad en los malos resultados del equipo en las primeras dos jornadas de la fase final de la eliminatoria al Mundial de 2026.<\/p>\n\n\n\n<p>\u201cNo entiendo lo que pasa. Regalamos jugadas tontas, dejamos de tener la pelota y le damos la iniciativa al rival\u201d, declar\u00f3 el director t\u00e9cnico mexicano en la conferencia de prensa posterior al partido contra Hait\u00ed.<\/p>\n\n\n\n<p>Sobre los gritos de la afici\u00f3n tica pidiendo su salida, Miguel Herrera expres\u00f3 que ser\u00eda \u201ccobarde\u201d de su parte renunciar y afirm\u00f3 que \u00e9l trabaja mucho y que los futbolistas tienen \u201cla idea\u201d de lo que deben hacer en la cancha.<\/p>\n\n\n\n<p>\u201cNo entiendo por qu\u00e9 dejan de hacer lo que estaban haciendo muy bien. Hicimos un primer tiempo muy bueno\u201d, reiter\u00f3 Herrera, quien subray\u00f3 que \u201cel barco no va a la deriva\u201d.<\/p>\n","protected":false},"excerpt":{"rendered":"<p>La afici\u00f3n de Costa Rica estall\u00f3 contra el timonel mexicano Miguel \u2018Piojo\u2019 Herrera tras el&#8230;<\/p>\n","protected":false},"author":1,"featured_media":954,"comment_status":"open","ping_status":"closed","sticky":false,"template":"","format":"standard","meta":{"footnotes":""},"categories":[6],"tags":[],"class_list":["post-953","post","type-post","status-publish","format-standard","has-post-thumbnail","hentry","category-deportes"],"_links":{"self":[{"href":"https:\/\/agridulcenoticias.com\/index.php\/wp-json\/wp\/v2\/posts\/953","targetHints":{"allow":["GET"]}}],"collection":[{"href":"https:\/\/agridulcenoticias.com\/index.php\/wp-json\/wp\/v2\/posts"}],"about":[{"href":"https:\/\/agridulcenoticias.com\/index.php\/wp-json\/wp\/v2\/types\/post"}],"author":[{"embeddable":true,"href":"https:\/\/agridulcenoticias.com\/index.php\/wp-json\/wp\/v2\/users\/1"}],"replies":[{"embeddable":true,"href":"https:\/\/agridulcenoticias.com\/index.php\/wp-json\/wp\/v2\/comments?post=953"}],"version-history":[{"count":0,"href":"https:\/\/agridulcenoticias.com\/index.php\/wp-json\/wp\/v2\/posts\/953\/revisions"}],"wp:featuredmedia":[{"embeddable":true,"href":"https:\/\/agridulcenoticias.com\/index.php\/wp-json\/wp\/v2\/media\/954"}],"wp:attachment":[{"href":"https:\/\/agridulcenoticias.com\/index.php\/wp-json\/wp\/v2\/media?parent=953"}],"wp:term":[{"taxonomy":"category","embeddable":true,"href":"https:\/\/agridulcenoticias.com\/index.php\/wp-json\/wp\/v2\/categories?post=953"},{"taxonomy":"post_tag","embeddable":true,"href":"https:\/\/agridulcenoticias.com\/index.php\/wp-json\/wp\/v2\/tags?post=953"}],"curies":[{"name":"wp","href":"https:\/\/api.w.org\/{rel}","templated":true}]}}