{"id":956,"date":"2025-09-10T22:04:00","date_gmt":"2025-09-11T04:04:00","guid":{"rendered":"https:\/\/radioomax.com\/?p=956"},"modified":"2025-09-10T22:04:00","modified_gmt":"2025-09-11T04:04:00","slug":"explota-pipa-en-el-puente-de-la-concordia-en-iztapalapa-cdmx","status":"publish","type":"post","link":"https:\/\/agridulcenoticias.com\/index.php\/2025\/09\/10\/explota-pipa-en-el-puente-de-la-concordia-en-iztapalapa-cdmx\/","title":{"rendered":"Explota pipa en el puente de La Concordia, en Iztapalapa, CDMX."},"content":{"rendered":"\n<p>La explosi\u00f3n de la pipa en el Puente de la Concordia provoc\u00f3 da\u00f1os en varios veh\u00edculos<\/p>\n\n\n\n<p>La tarde de este mi\u00e9rcoles 10 de septiembre una pipa de gas se accident\u00f3, provocando una fuga y posterior explosi\u00f3n en las inmediaciones del puente de La Concordia, en Iztapalapa, CDMX.<\/p>\n\n\n\n<p>A las 23:00 h, la Fiscal\u00eda de la Ciudad de M\u00e9xico confirm\u00f3 cuatro muertos y 90 lesionados. Adem\u00e1s, 10 personas fueron dadas de alta.<\/p>\n\n\n\n<p>La autoridad inform\u00f3 adem\u00e1s que se tiene registro de 32 veh\u00edculos da\u00f1ados por la onda expansiva.<\/p>\n\n\n\n<p>Los heridos fueron trasladados a los siguientes hospitales: Regional Juan Ram\u00f3n de la Fuente, ISSSTE de Zaragoza, IMSS Los Reyes, ISSSTE Morelos, Instituto Nacional de Rehabilitaci\u00f3n y Ampliaci\u00f3n Emiliano Zapata.<\/p>\n\n\n\n<p>Alrededor de las 20:00 h iniciaron las labores de remoci\u00f3n de la pipa involucrada en el incidente.<\/p>\n\n\n\n<p>\u00bfC\u00f3mo ocurri\u00f3 el accidente en inmediaciones del puente de La Concordia?<\/p>\n\n\n\n<p>El accidente ocurri\u00f3 a las 14:25 h de este mi\u00e9rcoles 10 de septiembre. La pipa de gas volc\u00f3, lo que origin\u00f3 la fuga y posterior explosi\u00f3n.<\/p>\n\n\n\n<p>El jefe del cuerpo de bomberos de la CDMX, Juan Manuel P\u00e9rez Cova, detall\u00f3 que la pipa se encontraba al 30% de su capacidad al momento del accidente.<\/p>\n\n\n\n<p>Videos en redes sociales de personas y conductores cercanos al accidente registraron el momento de la volcadura, la fuga de gas y la explosi\u00f3n con una llamarada de enormes proporciones.<\/p>\n\n\n\n<p>\u00bfQu\u00e9 se sabe de la pipa accidentada y de su chofer?<\/p>\n\n\n\n<p>La pipa accidentada ten\u00eda capacidad de 49 mil 500 litros de gas y forma parte de la empresa Transportadora Silza, S.A. de C.V., empresa que cuenta con permisos de transporte ante la Comisi\u00f3n Nacional de Energ\u00eda y que forma parte de Grupo Tomza.<\/p>\n\n\n\n<p>Suman cuatro muertos y 90 heridos por explosi\u00f3n de pipa en el puente de La Concordia &#8211; suman-cuatro-muertos-y-90-heridos-por-explosion-de-pipa-en-el-puente-de-la-concordia-1024&#215;683<\/p>\n\n\n\n<p>Fotograf\u00eda que muestra un veh\u00edculo calcinado luego del accidente de un cami\u00f3n de gas este mi\u00e9rcoles, en Ciudad de M\u00e9xico (M\u00e9xico). EFE\/ Mario Guzm\u00e1n<\/p>\n\n\n\n<p>En ese sentido, la Agencia de Seguridad, Energ\u00eda y Ambiente (ASEA), \u00f3rgano desconcentrado de la Secretar\u00eda de Medio Ambiente y Recursos Naturales (Semarnat), indic\u00f3 en un comunicado que la citada empresa \u201cno ha ingresado ninguna solicitud relativa al registro de p\u00f3lizas de seguro de responsabilidad civil ni de responsabilidad por da\u00f1o ambiental para los permisos de transporte que amparan la actividad del semirremolque involucrado\u201d.<\/p>\n\n\n\n<p>Sobre el paradero del conductor del veh\u00edculo, las autoridades se\u00f1alaron que est\u00e1 con vida y es atendido como parte de las personas lesionadas.<\/p>\n\n\n\n<p>Leer tambi\u00e9n: \u00bfCu\u00e1ntos frentes fr\u00edos se prev\u00e9n en la temporada 2025-2026? SMN lo revela<\/p>\n\n\n\n<p>Esta es la lista de lesionados<\/p>\n\n\n\n<p>Las autoridades de la Ciudad de M\u00e9xico han difundido las listas de personas lesionadas.<\/p>\n\n\n\n<p>SQC: Superficie corporal quemada.<\/p>\n\n\n\n<p>Suman cuatro muertos y 90 heridos por explosi\u00f3n de pipa en el puente de La Concordia &#8211; lista-lesionados-concordia-10092025-1024&#215;950<\/p>\n\n\n\n<p>Leer tambi\u00e9n: Lista de lesionados tras la explosi\u00f3n en el Puente de la Concordia<\/p>\n\n\n\n<p>La Cruz Roja Mexicana, en coordinaci\u00f3n con el ERUM y CRUM, llevaron a cabo traslados de pacientes a distintos hospitales:<\/p>\n\n\n\n<p>3 menores al Instituto Nacional de Rehabilitaci\u00f3n (INR).<\/p>\n\n\n\n<p>2 adultos al Hospital General de Xochimilco.<\/p>\n\n\n\n<p>1 paciente al Hospital General de Iztapalapa.<\/p>\n\n\n\n<p>1 paciente al ISSSTE Morelos.<\/p>\n\n\n\n<p>1 paciente al ISSSTE Zaragoza.<\/p>\n\n\n\n<p>1 paciente fue trasladado en helic\u00f3ptero.<\/p>\n","protected":false},"excerpt":{"rendered":"<p>La explosi\u00f3n de la pipa en el Puente de la Concordia provoc\u00f3 da\u00f1os en varios&#8230;<\/p>\n","protected":false},"author":1,"featured_media":957,"comment_status":"open","ping_status":"closed","sticky":false,"template":"","format":"standard","meta":{"footnotes":""},"categories":[14],"tags":[],"class_list":["post-956","post","type-post","status-publish","format-standard","has-post-thumbnail","hentry","category-nacional"],"_links":{"self":[{"href":"https:\/\/agridulcenoticias.com\/index.php\/wp-json\/wp\/v2\/posts\/956","targetHints":{"allow":["GET"]}}],"collection":[{"href":"https:\/\/agridulcenoticias.com\/index.php\/wp-json\/wp\/v2\/posts"}],"about":[{"href":"https:\/\/agridulcenoticias.com\/index.php\/wp-json\/wp\/v2\/types\/post"}],"author":[{"embeddable":true,"href":"https:\/\/agridulcenoticias.com\/index.php\/wp-json\/wp\/v2\/users\/1"}],"replies":[{"embeddable":true,"href":"https:\/\/agridulcenoticias.com\/index.php\/wp-json\/wp\/v2\/comments?post=956"}],"version-history":[{"count":0,"href":"https:\/\/agridulcenoticias.com\/index.php\/wp-json\/wp\/v2\/posts\/956\/revisions"}],"wp:featuredmedia":[{"embeddable":true,"href":"https:\/\/agridulcenoticias.com\/index.php\/wp-json\/wp\/v2\/media\/957"}],"wp:attachment":[{"href":"https:\/\/agridulcenoticias.com\/index.php\/wp-json\/wp\/v2\/media?parent=956"}],"wp:term":[{"taxonomy":"category","embeddable":true,"href":"https:\/\/agridulcenoticias.com\/index.php\/wp-json\/wp\/v2\/categories?post=956"},{"taxonomy":"post_tag","embeddable":true,"href":"https:\/\/agridulcenoticias.com\/index.php\/wp-json\/wp\/v2\/tags?post=956"}],"curies":[{"name":"wp","href":"https:\/\/api.w.org\/{rel}","templated":true}]}}