{"id":972,"date":"2025-09-11T11:24:52","date_gmt":"2025-09-11T17:24:52","guid":{"rendered":"https:\/\/radioomax.com\/?p=972"},"modified":"2025-09-11T11:24:52","modified_gmt":"2025-09-11T17:24:52","slug":"suman-8-muertos-por-explosion-de-pipa-en-iztapalapa-cdmx-promete-justicia","status":"publish","type":"post","link":"https:\/\/agridulcenoticias.com\/index.php\/2025\/09\/11\/suman-8-muertos-por-explosion-de-pipa-en-iztapalapa-cdmx-promete-justicia\/","title":{"rendered":"Suman 8 muertos por explosi\u00f3n de pipa en Iztapalapa; CDMX promete justicia"},"content":{"rendered":"\n<p><a><\/a>El Gobierno de la CDMX brindar\u00e1 apoyo integral a las familias de todas las v\u00edctimas, a fin de \u201cque se haga justicia\u201d<\/p>\n\n\n\n<p>El Gobierno de la Ciudad de M\u00e9xico inform\u00f3 la muerte de 8 personas por la explosi\u00f3n de una pipa de gas LP en la alcald\u00eda Iztapalapa.<\/p>\n\n\n\n<p>En conferencia de prensa, la jefa de Gobierno, Clara Brugada, detall\u00f3 que en total hubo 94 personas lesionadas:<\/p>\n\n\n\n<p>8 murieron (7 hombres y 1 mujer)<\/p>\n\n\n\n<p>22 se encuentran en estado cr\u00edtico<\/p>\n\n\n\n<p>6 se encuentran en situaci\u00f3n grave<\/p>\n\n\n\n<p>39 se reportan en estado delicado<\/p>\n\n\n\n<p>19 ya fueron dados de alta.<\/p>\n\n\n\n<p>Para mayor informaci\u00f3n sobre el estado de salud de v\u00edctimas, as\u00ed como para la localizaci\u00f3n de las mismos en hospitales, el Gobierno capitalino habilit\u00f3 el n\u00famero de WhatsApp 55 7195 2071, con Bel\u00e9n Calder\u00f3n.<\/p>\n\n\n\n<p>Asegur\u00f3 que se brindar\u00e1 apoyo integral a las familias de todas las v\u00edctimas, a fin de \u201cque se haga justicia\u201d.<\/p>\n\n\n\n<p>Brugada adelant\u00f3 que esta semana recibir\u00e1n un apoyo inicial para atender necesidades iniciales de traslados, comida y estudios m\u00e9dicos.<\/p>\n\n\n\n<p>Se trata de familias que son, la gran mayor\u00eda, de escasos recursos y que merecen todo el apoyo, solidaridad y sobre todo justicia. Estaremos apoyando. No los vamos a dejar\u201d, subray\u00f3.<\/p>\n\n\n\n<p>Respecto al chofer de la pipa, se reporta en situaci\u00f3n cr\u00edtica con custodia dentro del hospital en el que se encuentra, para judicializar su caso una vez que se recupere.<\/p>\n\n\n\n<p>\u00bfPor qu\u00e9 ocurri\u00f3 el accidente de la pipa en el puente de la Concordia?<\/p>\n\n\n\n<p>La Fiscal\u00eda General de Justicia (FGJ) de la CDMX realiza los peritajes necesarios para esclarecer las causas del accidente de la pipa.<\/p>\n\n\n\n<p>Se preguntaba sobre el tema de exceso de velocidad; efectivamente esa es una de las l\u00edneas de investigaci\u00f3n. Tambi\u00e9n la l\u00ednea que tiene que ver con el cumplimiento de la regulaci\u00f3n por parte de la empresa\u201d, dijo la fiscal Bertha Alcalde.<\/p>\n\n\n\n<p>Peritos en materia de criminal\u00edstica, qu\u00edmica, incendios, explosiones, tr\u00e1nsito terrestre y seguridad industrial laboran los informes que determinen la causa de la volcadura de la pipa de gas LP.<\/p>\n\n\n\n<p>La fiscal Bertha Alcalde indic\u00f3 que se fincar\u00e1n responsabilidades por los delitos de:<\/p>\n\n\n\n<p>homicidio culposo<\/p>\n\n\n\n<p>lesiones culposas<\/p>\n\n\n\n<p>da\u00f1o a la propiedad.<\/p>\n\n\n\n<p>CDMX va por protocolo para transportes pesados<\/p>\n\n\n\n<p>La mandataria capitalina instruy\u00f3 a la Secretar\u00eda de Gesti\u00f3n Integral de Riesgos y Protecci\u00f3n Civil (SGIRPC) realizar, en conjunto con autoridades federales, un protocolo para la circulaci\u00f3n de transportes pesados en la CDMX que manejen hidrocarburos y materiales peligrosos.<\/p>\n\n\n\n<p>La ciudad necesita mejores condiciones para la circulaci\u00f3n, el tr\u00e1fico. Esta situaci\u00f3n fue muy grave, no queremos que se repita\u201d, enfatiz\u00f3 Clara Brugada.<\/p>\n","protected":false},"excerpt":{"rendered":"<p>El Gobierno de la CDMX brindar\u00e1 apoyo integral a las familias de todas las v\u00edctimas,&#8230;<\/p>\n","protected":false},"author":1,"featured_media":973,"comment_status":"open","ping_status":"closed","sticky":false,"template":"","format":"standard","meta":{"footnotes":""},"categories":[14],"tags":[],"class_list":["post-972","post","type-post","status-publish","format-standard","has-post-thumbnail","hentry","category-nacional"],"_links":{"self":[{"href":"https:\/\/agridulcenoticias.com\/index.php\/wp-json\/wp\/v2\/posts\/972","targetHints":{"allow":["GET"]}}],"collection":[{"href":"https:\/\/agridulcenoticias.com\/index.php\/wp-json\/wp\/v2\/posts"}],"about":[{"href":"https:\/\/agridulcenoticias.com\/index.php\/wp-json\/wp\/v2\/types\/post"}],"author":[{"embeddable":true,"href":"https:\/\/agridulcenoticias.com\/index.php\/wp-json\/wp\/v2\/users\/1"}],"replies":[{"embeddable":true,"href":"https:\/\/agridulcenoticias.com\/index.php\/wp-json\/wp\/v2\/comments?post=972"}],"version-history":[{"count":0,"href":"https:\/\/agridulcenoticias.com\/index.php\/wp-json\/wp\/v2\/posts\/972\/revisions"}],"wp:featuredmedia":[{"embeddable":true,"href":"https:\/\/agridulcenoticias.com\/index.php\/wp-json\/wp\/v2\/media\/973"}],"wp:attachment":[{"href":"https:\/\/agridulcenoticias.com\/index.php\/wp-json\/wp\/v2\/media?parent=972"}],"wp:term":[{"taxonomy":"category","embeddable":true,"href":"https:\/\/agridulcenoticias.com\/index.php\/wp-json\/wp\/v2\/categories?post=972"},{"taxonomy":"post_tag","embeddable":true,"href":"https:\/\/agridulcenoticias.com\/index.php\/wp-json\/wp\/v2\/tags?post=972"}],"curies":[{"name":"wp","href":"https:\/\/api.w.org\/{rel}","templated":true}]}}