{"id":985,"date":"2025-09-11T11:43:14","date_gmt":"2025-09-11T17:43:14","guid":{"rendered":"https:\/\/radioomax.com\/?p=985"},"modified":"2025-09-11T11:43:14","modified_gmt":"2025-09-11T17:43:14","slug":"llega-el-esperado-iphone-17-estos-son-los-precios-y-caracteristicas","status":"publish","type":"post","link":"https:\/\/agridulcenoticias.com\/index.php\/2025\/09\/11\/llega-el-esperado-iphone-17-estos-son-los-precios-y-caracteristicas\/","title":{"rendered":"Llega el esperado iPhone 17: estos son los precios y caracter\u00edsticas"},"content":{"rendered":"\n<p><a><\/a>Apple present\u00f3 el esperado iPhone 17, que llega con la versi\u00f3n \u2018Pro\u2019 y el nuevo \u2018Air\u2019<\/p>\n\n\n\n<p>Apple present\u00f3 su nueva generaci\u00f3n de tel\u00e9fonos inteligentes, el iPhone 17, disponible en tres modelos.<\/p>\n\n\n\n<p>El iPhone 17 tendr\u00e1 un precio de salida de 799 d\u00f3lares y se caracteriza por tener la bater\u00eda m\u00e1s grande hasta el momento.<\/p>\n\n\n\n<p>Le sigue el modelo \u2018Air\u2018 a un precio de salida de 999 d\u00f3lares, caracterizado por ser ultrafino, de apenas 5.6 mm de grosor y una pantalla de 6.5 pulgadas.<\/p>\n\n\n\n<p>Apple lo describe como \u201cpotente, pero tan delgado y ligero que parece desaparecer en la mano\u201d y con una bater\u00eda que dura \u201ctodo el d\u00eda\u201d.<\/p>\n\n\n\n<p>Afirma que su dise\u00f1o es el m\u00e1s duradero hasta la fecha gracias a un caparaz\u00f3n cer\u00e1mico (\u2018Ceramic Shield\u2019) y un marco de titanio en ambos lados.<\/p>\n\n\n\n<p>El iPhone 17 Air cuenta con un procesador A19 Pro, \u201cel chip m\u00e1s potente para iPhone hasta la fecha\u201d, as\u00ed como con un sistema de c\u00e1mara dual de 48 megap\u00edxeles.<\/p>\n\n\n\n<p>Finalmente, el Pro llega con un redise\u00f1o, pero con el mismo precio que el a\u00f1o pasado por los iPhone 16 Pro de 256 gigabytes, mil 99 d\u00f3lares, dejando entrever que los aranceles del 20 por ciento que enfrenta la compa\u00f1\u00eda sobre las importaciones procedentes de China no se han traducido en precios m\u00e1s altos.<\/p>\n\n\n\n<p>No obstante, hace un a\u00f1o Apple daba la opci\u00f3n de un iPhone 16 Pro de gama m\u00e1s baja por un precio de salida m\u00e1s barato, 999 d\u00f3lares, que este a\u00f1o.<\/p>\n\n\n\n<p>Al igual que el Pro, el Pro Max cuenta con un redise\u00f1o en la barra de la c\u00e1mara trasera, que ahora se extiende al ancho de todo el tel\u00e9fono, en lugar de situarse solo en la izquierda, donde est\u00e1n las c\u00e1maras.<\/p>\n\n\n\n<p>La c\u00e1mara de los iPhone 17 gira sin que la mueva el usuario<\/p>\n\n\n\n<p>Una novedad, para todos los modelos del iPhone 17, es que la c\u00e1mara frontal cuenta con un vanguardista sensor que es capaz de reemplazar la relaci\u00f3n de aspecto tradicional de 4:3 por un formato cuadrado.<\/p>\n\n\n\n<p>Apple mostr\u00f3 en un video c\u00f3mo, con este cambio, los usuarios ya no tienen que girar el tel\u00e9fono para tomar selfies en horizontal, ya que estos nuevos modelos usan IA para ajustar autom\u00e1ticamente el encuadre y ofrecer opciones desde 4:3 vertical hasta 16:9 horizontal o incluso cuadrado.<\/p>\n\n\n\n<p>Apple anunci\u00f3 los AirPods Pro 3, la primera gran actualizaci\u00f3n del producto en tres a\u00f1os, y una de sus caracter\u00edsticas m\u00e1s destacadas es que pueden traducir en vivo usando la inteligencia de Apple.<\/p>\n\n\n\n<p>\u201cAhora, cuando est\u00e9s con alguien que habla otro idioma, por ejemplo al explorar un mercado extranjero, los AirPods Pro te ayudar\u00e1n a entenderlo en tu idioma\u201d, destac\u00f3 la empresa.<\/p>\n\n\n\n<p>En un ejemplo pregrabado, la empresa se\u00f1al\u00f3 como dos hombres manten\u00edan una conversaci\u00f3n fluida gracias a los auriculares inteligentes, a pesar de que uno hablaba en ingl\u00e9s y el otro en portugu\u00e9s.<\/p>\n\n\n\n<p>Para los casos en que solo un interlocutor disponga de AirPods Pro 3, la empresa lanz\u00f3 una aplicaci\u00f3n para iPhone que transcribe en el idioma deseado.<\/p>\n\n\n\n<p>Hoy nos basamos en estas innovaciones y ampliamos nuestro liderazgo en calidad de audio de primera clase con la presentaci\u00f3n de la nueva generaci\u00f3n de AirPods Pro\u201d, afirm\u00f3 Tim Cook, director ejecutivo de la empresa.<\/p>\n\n\n\n<p>Los AirPods Pro 3 costar\u00e1n 249 d\u00f3lares.<\/p>\n\n\n\n<ul class=\"wp-block-list\">\n<li><\/li>\n<\/ul>\n","protected":false},"excerpt":{"rendered":"<p>Apple present\u00f3 el esperado iPhone 17, que llega con la versi\u00f3n \u2018Pro\u2019 y el nuevo&#8230;<\/p>\n","protected":false},"author":1,"featured_media":986,"comment_status":"open","ping_status":"closed","sticky":false,"template":"","format":"standard","meta":{"footnotes":""},"categories":[10],"tags":[],"class_list":["post-985","post","type-post","status-publish","format-standard","has-post-thumbnail","hentry","category-tecnologia"],"_links":{"self":[{"href":"https:\/\/agridulcenoticias.com\/index.php\/wp-json\/wp\/v2\/posts\/985","targetHints":{"allow":["GET"]}}],"collection":[{"href":"https:\/\/agridulcenoticias.com\/index.php\/wp-json\/wp\/v2\/posts"}],"about":[{"href":"https:\/\/agridulcenoticias.com\/index.php\/wp-json\/wp\/v2\/types\/post"}],"author":[{"embeddable":true,"href":"https:\/\/agridulcenoticias.com\/index.php\/wp-json\/wp\/v2\/users\/1"}],"replies":[{"embeddable":true,"href":"https:\/\/agridulcenoticias.com\/index.php\/wp-json\/wp\/v2\/comments?post=985"}],"version-history":[{"count":0,"href":"https:\/\/agridulcenoticias.com\/index.php\/wp-json\/wp\/v2\/posts\/985\/revisions"}],"wp:featuredmedia":[{"embeddable":true,"href":"https:\/\/agridulcenoticias.com\/index.php\/wp-json\/wp\/v2\/media\/986"}],"wp:attachment":[{"href":"https:\/\/agridulcenoticias.com\/index.php\/wp-json\/wp\/v2\/media?parent=985"}],"wp:term":[{"taxonomy":"category","embeddable":true,"href":"https:\/\/agridulcenoticias.com\/index.php\/wp-json\/wp\/v2\/categories?post=985"},{"taxonomy":"post_tag","embeddable":true,"href":"https:\/\/agridulcenoticias.com\/index.php\/wp-json\/wp\/v2\/tags?post=985"}],"curies":[{"name":"wp","href":"https:\/\/api.w.org\/{rel}","templated":true}]}}