{"id":991,"date":"2025-09-11T11:49:24","date_gmt":"2025-09-11T17:49:24","guid":{"rendered":"https:\/\/radioomax.com\/?p=991"},"modified":"2025-09-11T11:49:24","modified_gmt":"2025-09-11T17:49:24","slug":"persona-no-grata-un-castigo-simbolico-para-sheinbaum-en-peru-con-implicaciones-diplomaticas","status":"publish","type":"post","link":"https:\/\/agridulcenoticias.com\/index.php\/2025\/09\/11\/persona-no-grata-un-castigo-simbolico-para-sheinbaum-en-peru-con-implicaciones-diplomaticas\/","title":{"rendered":"Persona no grata, un castigo simb\u00f3lico para Sheinbaum en Per\u00fa con implicaciones diplom\u00e1ticas"},"content":{"rendered":"\n<p>La moci\u00f3n en contra de la presidenta de M\u00e9xico por apoyar a Castillo podr\u00eda disminuir la cooperaci\u00f3n de ambas naciones en foros regionales y bilaterales<\/p>\n\n\n\n<p>En noviembre pasado, mientras en Lima se realizaba el Foro de Cooperaci\u00f3n Econ\u00f3mica Asia-Pac\u00edfico (APEC), la presidenta mexicana Claudia Sheinbaum confirm\u00f3 que no participar\u00eda del evento que re\u00fane a decenas de l\u00edderes mundiales y que m\u00e1s bien la Secretar\u00eda de Econom\u00eda se encargar\u00eda de representarla en las actividades programadas. Sheinbaum ten\u00eda apenas un mes en el Palacio Nacional, pero aquel desplante era la confirmaci\u00f3n de que las tensiones entre aztecas y andinos a ra\u00edz del autogolpe de Pedro Castillo en el 2022 continuar\u00edan a\u00fan despu\u00e9s del fin del mandato de Andr\u00e9s Manuel L\u00f3pez Obrador.<\/p>\n\n\n\n<p>Han pasado diez meses y las tensiones solo se han agudizado con la \u00faltima votaci\u00f3n de la Comisi\u00f3n de Relaciones Exteriores del Congreso peruano al aprobar que se le declare persona non grata por haberse \u201centrometido\u201d en asuntos de la pol\u00edtica interna nacional y mostrar un talante \u201cprovocador y desafiante\u201d. Moci\u00f3n que, si bien deber\u00e1 debatirse y someterse a votaci\u00f3n en el Pleno, refleja el quiebre de una relaci\u00f3n que no ten\u00eda tantas fisuras en el pasado.<\/p>\n\n\n\n<p>Durante el gobierno de Dina Boluarte se ha declarado persona non grata a los adversarios del r\u00e9gimen en el continente: Gustavo Petro y L\u00f3pez Obrador. En el caso del presidente colombiano se elevaron los decibeles cuando calific\u00f3 de \u201cmasacre\u201d la represi\u00f3n de las fuerzas del orden en contra de los ciudadanos que protestaron en contra de Dina Boluarte. Es m\u00e1s, en una ocasi\u00f3n sostuvo que la Polic\u00eda Nacional \u201cmarchaba como nazi en contra de su propio pueblo, rompiendo la Convenci\u00f3n Americana de Derechos Humanos\u201d. Con L\u00f3pez Obrador sucedi\u00f3 lo mismo al remarcar que Castillo es un \u201cpresidente ilegalmente destituido\u201d, dejando entrever que Boluarte usurp\u00f3 el cargo.<\/p>\n\n\n\n<p>\u00bfPero cu\u00e1les son realmente las consecuencias en que se declare persona non grata a un jefe de Estado? El constitucionalista Franco Garc\u00eda Lazo indica que, si bien es un acto simb\u00f3lico, tiene repercusiones. \u201cPer se, no significa una rotura diplom\u00e1tica, pero definitivamente afectar\u00e1 el trabajo de las embajadas que se reflejar\u00e1 en una disminuci\u00f3n cooperativa en foros regionales y bilaterales, pues recordemos que entre ambos pa\u00edses tenemos vigente varios acuerdos y convenios, como el de Integraci\u00f3n Comercial del 2012, el de asociaci\u00f3n estrat\u00e9gica del 2011 y la cooperaci\u00f3n Cultural, Educativa, T\u00e9cnica y Cient\u00edfica del 1975 y 1996\u201d.<\/p>\n\n\n\n<p>En ese sentido, el abogado subraya que de continuar el conflicto y validarse en el Pleno de la C\u00e1mara, \u201chabr\u00e1 dificultades en la Alianza del Pac\u00edfico, de la cual ambos pa\u00edses son miembros\u201d. Basta recordar que en el 2023, L\u00f3pez Obrador se neg\u00f3 a entregarle la presidencia pro-t\u00e9mpore a Boluarte y para resolver el incidente hubo que cederle el testigo a Chile por algunas semanas para establecer un puente diplom\u00e1tico.<\/p>\n\n\n\n<p>\u201cPor el lado privado, hay un peque\u00f1o, pero inicial riesgo de que las empresas mexicanas con presencia en el Per\u00fa, como Grupo Elektra o Grupo Bimbo, podr\u00edan enfrentar un clima de negocios menos favorables\u201d, a\u00f1ade Franco Garc\u00eda Lazo. Desde el 2023, las relaciones diplom\u00e1ticas entre M\u00e9xico y Per\u00fa quedaron reducidas a encargados de negocios. De all\u00ed que desde el a\u00f1o pasado los ciudadanos peruanos necesiten visa para ingresar a M\u00e9xico. La Canciller\u00eda peruana intent\u00f3 hacer lo mismo, pero finalmente recul\u00f3 por el impacto que significar\u00eda para el rubro tur\u00edstico.<\/p>\n\n\n\n<p>Seg\u00fan el internacionalista Francisco Belaunde, no existe una ruptura formal entre M\u00e9xico y Per\u00fa, pero s\u00ed un debilitamiento notorio y un estancamiento. \u201cDif\u00edcilmente las relaciones recuperar\u00e1n su cauce hasta que Boluarte deje el poder. No ha habido ning\u00fan gesto de apertura ni ninguna se\u00f1al al respecto\u201d. Otro exmandatario que fue declarado persona non grata en este periodo ha sido Evo Morales, quien fue acusado de azuzar a las regiones sure\u00f1as a levantarse en contra de Boluarte durante el 2023.<\/p>\n\n\n\n<p>Dina Boluarte dejar\u00e1 Palacio en julio de 2026, en medio de una crisis de inseguridad sin precedentes, una impopularidad con registros hist\u00f3ricos, y un quiebre en las relaciones diplom\u00e1ticas pocas veces visto con sus hom\u00f3logos en la regi\u00f3n. Si hace unos meses, dej\u00f3 con la mano extendida a Gustavo Petro, durante la toma de mando de Daniel Noboa en Ecuador, todo indica que ser\u00e1 improbable una postal amistosa junto a Claudia Sheinbaum. Menos a\u00fan en la Casa de Pizarro.<\/p>\n\n\n\n<ul class=\"wp-block-list\">\n<li><\/li>\n<\/ul>\n","protected":false},"excerpt":{"rendered":"<p>La moci\u00f3n en contra de la presidenta de M\u00e9xico por apoyar a Castillo podr\u00eda disminuir&#8230;<\/p>\n","protected":false},"author":1,"featured_media":992,"comment_status":"open","ping_status":"closed","sticky":false,"template":"","format":"standard","meta":{"footnotes":""},"categories":[14],"tags":[],"class_list":["post-991","post","type-post","status-publish","format-standard","has-post-thumbnail","hentry","category-nacional"],"_links":{"self":[{"href":"https:\/\/agridulcenoticias.com\/index.php\/wp-json\/wp\/v2\/posts\/991","targetHints":{"allow":["GET"]}}],"collection":[{"href":"https:\/\/agridulcenoticias.com\/index.php\/wp-json\/wp\/v2\/posts"}],"about":[{"href":"https:\/\/agridulcenoticias.com\/index.php\/wp-json\/wp\/v2\/types\/post"}],"author":[{"embeddable":true,"href":"https:\/\/agridulcenoticias.com\/index.php\/wp-json\/wp\/v2\/users\/1"}],"replies":[{"embeddable":true,"href":"https:\/\/agridulcenoticias.com\/index.php\/wp-json\/wp\/v2\/comments?post=991"}],"version-history":[{"count":0,"href":"https:\/\/agridulcenoticias.com\/index.php\/wp-json\/wp\/v2\/posts\/991\/revisions"}],"wp:featuredmedia":[{"embeddable":true,"href":"https:\/\/agridulcenoticias.com\/index.php\/wp-json\/wp\/v2\/media\/992"}],"wp:attachment":[{"href":"https:\/\/agridulcenoticias.com\/index.php\/wp-json\/wp\/v2\/media?parent=991"}],"wp:term":[{"taxonomy":"category","embeddable":true,"href":"https:\/\/agridulcenoticias.com\/index.php\/wp-json\/wp\/v2\/categories?post=991"},{"taxonomy":"post_tag","embeddable":true,"href":"https:\/\/agridulcenoticias.com\/index.php\/wp-json\/wp\/v2\/tags?post=991"}],"curies":[{"name":"wp","href":"https:\/\/api.w.org\/{rel}","templated":true}]}}